{"id":2311,"date":"2022-03-13T22:30:36","date_gmt":"2022-03-13T20:30:36","guid":{"rendered":"https:\/\/www.3x3.lv\/?p=2311"},"modified":"2022-08-12T08:07:49","modified_gmt":"2022-08-12T06:07:49","slug":"zasa-2022","status":"publish","type":"post","link":"https:\/\/www.3x3.lv\/?p=2311","title":{"rendered":"Zasa 2022.gad\u0101"},"content":{"rendered":"\n<p class=\"has-text-align-right\"><\/p>\n\n\n\n<figure class=\"wp-block-table\"><table><tbody><tr><td><a href=\"https:\/\/www.3x3.lv\/KRATUVE\/Zasa\/Zasabuklets.pdf\">Buklets<\/a><br><a href=\"https:\/\/www.3x3.lv\/KRATUVE\/Zasa\/Zasadienasritms.pdf\">Dienas ritms<\/a><br><a href=\"https:\/\/www.3x3.lv\/KRATUVE\/Zasa\/ZASAievirzuapraksti.pdf\">Ievir\u017eu apraksts<\/a><\/td><td>Av\u012bze<br><a href=\"https:\/\/www.3x3.lv\/KRATUVE\/Zasa\/Avize\/1Cukurgrauds.pdf\">1.Cukurgrauds<\/a> <a href=\"https:\/\/www.3x3.lv\/KRATUVE\/Zasa\/Avize\/2Cukurgrauds.pdf\">2.Cukurgrauds<\/a> <a href=\"https:\/\/www.3x3.lv\/KRATUVE\/Zasa\/Avize\/3Cukurgrauds.pdf\">3.Cukurgrauds<\/a> <a href=\"https:\/\/www.3x3.lv\/KRATUVE\/Zasa\/Avize\/4Cukurgrauds.pdf\">4.Cukurgrauds<\/a> <br><a href=\"https:\/\/www.3x3.lv\/KRATUVE\/Zasa\/Avize\/5Cukurgrauds.pdf\">5.Cukurgrauds<\/a> <a href=\"https:\/\/www.3x3.lv\/KRATUVE\/Zasa\/Avize\/6Cukurgrauds.pdf\">6.Cukurgrauds<\/a> <a href=\"https:\/\/www.3x3.lv\/KRATUVE\/Zasa\/Avize\/7Cukurgrauds.pdf\">7.Cukurgrauds<\/a><\/td><\/tr><\/tbody><\/table><\/figure>\n\n\n\n<p class=\"has-text-align-center has-large-font-size\"><strong>Baltas domas, v\u0101rdi un darbi Zas\u0101<\/strong><\/p>\n\n\n\n<figure class=\"wp-block-image alignleft size-large is-resized\"><img loading=\"lazy\" decoding=\"async\" src=\"https:\/\/www.3x3.lv\/wp-content\/uploads\/2022\/03\/PNG-papildinats-ZASA-3x3-2022-768x1024.png\" alt=\"\" class=\"wp-image-2317\" width=\"247\" height=\"328\" srcset=\"https:\/\/www.3x3.lv\/wp-content\/uploads\/2022\/03\/PNG-papildinats-ZASA-3x3-2022-768x1024.png 768w, https:\/\/www.3x3.lv\/wp-content\/uploads\/2022\/03\/PNG-papildinats-ZASA-3x3-2022-225x300.png 225w, https:\/\/www.3x3.lv\/wp-content\/uploads\/2022\/03\/PNG-papildinats-ZASA-3x3-2022-1152x1536.png 1152w, https:\/\/www.3x3.lv\/wp-content\/uploads\/2022\/03\/PNG-papildinats-ZASA-3x3-2022-1536x2048.png 1536w\" sizes=\"auto, (max-width: 247px) 100vw, 247px\" \/><\/figure>\n\n\n\n<p><\/p>\n\n\n\n<p class=\"has-normal-font-size\">\u201cLabdien mani m\u012b\u013cie, labie, baltie,\u201d t\u0101 Zasas 3&#215;3 saieta atkl\u0101\u0161an\u0101 teica t\u0101 vad\u012bt\u0101ja Ilze Cekule. Plecu pie pleca vi\u0146ai st\u0101v\u0113ja visa \u0123imene \u2013 v\u012brs Lauris un b\u0113rni Ako K\u0101rlis, Lote un Elza Herm\u012bne.&nbsp;<\/p>\n\n\n\n<p class=\"has-normal-font-size\">Par saieta ievir\u017eu vad\u012bt\u0101jiem bija izv\u0113l\u0113ti daudz viet\u0113jo \u013cau\u017eu. <em>Virvju tehniku<\/em> b\u0113rniem vad\u012bja Toms Dadeika un Anete Zavadska. Vispirms b\u0113rni iem\u0101c\u012bj\u0101s siet mezglus un tad jau r\u0101p\u0101s augstu ozola zaros. Pieaugu\u0161ajiem ievirzi <em>Mans baltais zirgs<\/em> turpat barona zirgu sta\u013c\u013cos vad\u012bja Anna T\u0113ta. No \u0161\u012bs ievirzes vair\u0101kas dal\u012bbnieces atgriez\u0101s \u012bpa\u0161i aizkustin\u0101tas, bet ned\u0113\u013cas beig\u0101s \u2013 pat asaru piln\u0101m ac\u012bm, jo katra sa\u0146\u0113ma \u012bpa\u0161u d\u0101vanu: zirgam, ko katra bija iem\u012b\u013cojusi, bija j\u0101nogrie\u017e gabali\u0146\u0161 kr\u0113pju vai astes saru, j\u0101sapin biz\u012bt\u0113 un j\u0101saglab\u0101 piemi\u0146ai. Atz\u012bta un aizraujo\u0161a bija ar\u012b ievirze <em>Gadsk\u0101rtu un godu \u0113dieni<\/em> pie Initas L\u0101ces \u2013 tur gan s\u0113ja sieru, gan cepa rudzu maizi un gatavoja citus \u0113dienus. <em>Tradicion\u0101laj\u0101 dzied\u0101\u0161an\u0101<\/em> pie Ivetas T\u0101les meitas sadzied\u0101j\u0101s t\u0101, ka s\u0113liski skan\u0113ja gan Zasas park\u0101, gan saieta nosl\u0113guma koncert\u0101, savuk\u0101rt Andas un Ieva Svar\u0101nes ievirz\u0113 <em>Balt\u0101 keramika<\/em> dal\u012bbnieki izgatavoja balt\u0101 m\u0101la traukus, kas p\u0113c tam goz\u0113j\u0101s nosl\u0113guma izst\u0101d\u0113. Tikpat aizraujo\u0161a bija ar\u012b akn\u012bstie\u0161u Santas un Ri\u010darda \u0160mitu vad\u012bt\u0101 ievirze <em>Balta laiva sl\u012bd<\/em> un ekskursijas pie viet\u0113jiem \u013caud\u012bm J\u0101\u0146a Dzimt\u0101 g\u0101d\u012bb\u0101.<\/p>\n\n\n\n<p class=\"has-normal-font-size\">Ievirzes deva pla\u0161as iesp\u0113jas visu vecumu dal\u012bbniekiem ar da\u017e\u0101d\u0101m gaum\u0113m.&nbsp;<\/p>\n\n\n\n<p class=\"has-normal-font-size\">Daudz prieka sag\u0101d\u0101ja ar\u012b visas p\u0101r\u0113j\u0101s ievirzes. Br\u012bni\u0161\u0137\u012bgu te\u0101tra izr\u0101di iestud\u0113ja P\u0113teris Reiters, izst\u0101st\u012bdams st\u0101stu par Sniegbaltu un septi\u0146\u0101m r\u016b\u0137\u012bt\u0113m, \u013coti aizraujo\u0161i g\u0101ja ievirz\u0113 <em>Ce\u013cojums \u0113terisko e\u013c\u013cu pasaul\u0113<\/em> pie Ievas Mauri\u0146as \u2013 ik pa br\u012bdim kaut kas jauki smar\u017eoja. <em>Vilku m\u0101c\u012bb\u0101<\/em> Jura Toma\u0161\u016bna vad\u012bb\u0101 mazie vilc\u0113ni atkal nak\u0161\u0146oja me\u017e\u0101 un agr\u0101 r\u012bt\u0101 atgriez\u0101s miegaini, bet sveiki un veseli. Dal\u012bbnieki pulc\u0113j\u0101s ar\u012b <em>\u0122ime\u0146u semin\u0101r\u0101<\/em> pie L\u012bgas Rupertes un M\u0101ras Tupeses, kas pirmoreiz kl\u0101tienes saiet\u0101 notika att\u0101lin\u0101ti. Ar Agritas Krievi\u0146as-Sili\u0146as padomu tapa senie \u0101das apavi, bet Laura Cekula s\u0113t\u0101 \u2013 baltalus, un tur pat tika nogar\u0161oti bu\u013c\u013ca pauti. Visus nenosaukt, bet katrs dal\u012bbnieks noteikti kaut ko ieguva \u2013 iem\u0101c\u012bj\u0101s vai saprata. Vakarpus\u0113 notika sadzied\u0101\u0161an\u0101s pie Julg\u012b un Lel\u016b Stalt\u0113m, <em>Baltajos pr\u0101tos<\/em> viktor\u012bnas vad\u012bja Biruta El\u012bza Kirmu\u0161ka, bet br\u012bni\u0161\u0137\u012bg\u0101s pastaig\u0101s pa Zasas mui\u017eas parku veda Endija Urb\u0101ne. Ak, lai nu piepild\u0101s viss, ko iedom\u0101j\u0101mies, pirmoreiz ejot p\u0101ri daudzajiem tilti\u0146iem \u2013 b\u016bs mums gan m\u012blest\u012bba, gan rotas un ma\u0161\u012bnas.&nbsp;<\/p>\n\n\n\n<p class=\"has-normal-font-size\">Ekskursiju dien\u0101 \u2013 veseli pieci bag\u0101t\u012bgi mar\u0161ruti ar vakari\u0146\u0101m galapunkt\u0101. Iespaidu bija daudz: k\u0101ds ar laiv\u0101m pa Dienvidsus\u0113ju brauca, k\u0101ds 28 metrus augstaj\u0101 torn\u012b Taborkalna virsotn\u0113 uzk\u0101pa, k\u0101ds m\u0101c\u012bj\u0101s ozolz\u012b\u013cu <em>kafeju<\/em> gatavot, k\u0101ds satika z\u0101\u013cu sievu, k\u0101ds \u2013 lamas, k\u0101ds iek\u0101pa stiliz\u0113t\u0101 gaisa balon\u0101.&nbsp;<\/p>\n\n\n\n<p class=\"has-normal-font-size\"><em>Br\u012bvais mikrofons<\/em> tik mazam saietam bija spo\u017es: bija gan dziesmas, gan dejas, gan muzik\u0101li priek\u0161nesumi. \u012apa\u0161i p\u0101rsteidza <em>Balt\u0101 darba grupa<\/em>, kas uz skatuves k\u0101pa r\u0101mi k\u0101 balti j\u0113ri\u0146i, bet tad met\u0101s trakul\u012bg\u0101 dej\u0101 <em>Es nevaru b\u016bt balts, jo tas nav iesp\u0113jams<\/em>. Stil\u012bgs priek\u0161nesums izdev\u0101s ar\u012b <em>Princes\u0113m<\/em>, kas dejoja kartona \u0123it\u0101ras pavad\u012bjum\u0101, bet saieta stiliz\u0113tais v\u012bru koris diri\u0123enta Jura Toma\u0161\u016bna vad\u012bb\u0101 velt\u012bja dziesmu Ukrainai.&nbsp;<\/p>\n\n\n\n<p class=\"has-normal-font-size\">Saiet\u0101 pulc\u0113j\u0101s vair\u0101k nek\u0101 200 dal\u012bbnieku \u2013 no Latvijas, Krievijas, ASV, D\u0101nijas, Austrijas, \u012arijas un Zviedrijas.<\/p>\n\n\n\n<p class=\"has-normal-font-size\">Saiet\u0101 s\u0101kotn\u0113ji nebija iecer\u0113ts, bet notika J\u0101\u0146a Cep\u013ca r\u012bkots zol\u012btes turn\u012brs, kur\u0101 pirmo vietu ieguva gandr\u012bz puse sp\u0113l\u0113t\u0101ju, tom\u0113r lab\u0101kie no lab\u0101kajiem izr\u0101d\u012bj\u0101s Ri\u010dards \u0160mits, Katr\u012bna Johansson un J\u0101nis Rimic\u0101ns.&nbsp;<\/p>\n\n\n\n<p class=\"has-normal-font-size\">Balti balta izdev\u0101s S\u0113lijas balt\u0101 nakts, kur\u0101 k\u0101 ieejas bi\u013cete kalpoja baltas p\u0113di\u0146as \u2013 g\u0101j\u0101m pa kr\u0101sas pakl\u0101ju. S\u0113\u013cu gaum\u0113 dzied\u0101ja Ivetas T\u0101les vad\u012bt\u0101 jaun\u0101k\u0101 s\u0113\u013cu tradicion\u0101l\u0101s dzied\u0101\u0161anas grupa <em>Kr\u0101ce<\/em>, bet s\u0113\u013cu m\u0113l\u0113 jestri run\u0101ja viet\u0113j\u0101 teic\u0113ja Maija Daina Paegle.<\/p>\n\n\n\n<p class=\"has-normal-font-size\">Daudzin\u0101jums notika Zasas park\u0101 \u2013 izg\u0101j\u0101m uguns un \u016bdens v\u0101rtus un run\u0101j\u0101m par to, ko katram noz\u012bm\u0113 baltais. \u0112riks Zeps pateic\u0101s tumsai, jo t\u0101 vi\u0146am \u013cauj b\u016bt baltam, Lolitai L\u016bsei baltais saist\u0101s ar sirdsmieru par to, kas paliek aiz vi\u0146as, L\u012bga Me\u0146\u0123elsone, uzvelkot baltu kreklu, saj\u016btas kop\u0101 ar saviem sen\u010diem, bet P\u0113teris Reiters aicin\u0101ja katram glab\u0101t savus balt\u0101kos mirk\u013cus. Ugunij ziedojot celaini, baltu sieru, melnu maizi un p\u013cavas ziedu v\u0101kumi\u0146u, saieta vad\u012bt\u0101jiem nodzied\u0101j\u0101m <em>Daudz baltu dieni\u0146u<\/em> un, baltos d\u016bmos muti nomazg\u0101ju\u0161i, pa\u0161i jut\u0101mies balt\u0101ki.&nbsp;<\/p>\n\n\n\n<p class=\"has-normal-font-size\">Diem\u017e\u0113l saietu ietekm\u0113ja ar\u012b kovida kl\u0101tb\u016btne. Visi saieta dal\u012bbnieki divreiz veica kovida testus \u2013 saieta pirmaj\u0101 dien\u0101, kas bija sv\u0113tdien\u0101, un ceturtdien\u0101. Slim\u012bba bija nejauka: saslim\u0161anas d\u0113\u013c n\u0101c\u0101s doties m\u0101j\u0101s vair\u0101kiem saieta dal\u012bbniekiem.&nbsp;<\/p>\n\n\n\n<p class=\"has-normal-font-size\">Zasas 3&#215;3 saiets notika no 24. l\u012bdz 31. j\u016blijam J\u0113kabpils novada Zas\u0101. Saietam nosl\u0113dzoties un dodoties m\u0101j\u0101s, katrs sa\u0146\u0113m\u0101m ce\u013camaizi \u2013 gardas baltmaizes klaipu.&nbsp;<\/p>\n\n\n\n<p class=\"has-normal-font-size\">Saieta Darba grup\u0101 str\u0101d\u0101ja Ceku\u013cu, Bogustovu un Sidorovi\u010du \u0123imenes, Juris Toma\u0161\u016bns, Astra Audra D\u0101boli\u0146a un Lauma Treimane, un saietu atbalst\u012bja J\u0113kabpils novada dome, Latvijas Kult\u016bras ministrija, SIA <em>Kanclers<\/em>, SIA <em>Akanti<\/em> un Pasaules br\u012bvo latvie\u0161u apvien\u012bba.&nbsp;<\/p>\n\n\n\n<p><strong>Lolita L\u016bse<\/strong>, Zasas saieta av\u012bzes <em>Cukurgrauds<\/em> redaktore<\/p>\n\n\n\n<figure class=\"wp-block-embed is-type-video is-provider-vimeo wp-block-embed-vimeo wp-embed-aspect-16-9 wp-has-aspect-ratio\"><div class=\"wp-block-embed__wrapper\">\n<iframe loading=\"lazy\" title=\"Zasa1\" src=\"https:\/\/player.vimeo.com\/video\/737502913?h=39d23a374a&amp;dnt=1&amp;app_id=122963\" width=\"740\" height=\"416\" frameborder=\"0\" allow=\"autoplay; fullscreen; picture-in-picture\" allowfullscreen><\/iframe>\n<\/div><\/figure>\n\n\n\n<figure class=\"wp-block-embed is-type-video is-provider-vimeo wp-block-embed-vimeo wp-embed-aspect-16-9 wp-has-aspect-ratio\"><div class=\"wp-block-embed__wrapper\">\n<iframe loading=\"lazy\" title=\"Zasa2\" src=\"https:\/\/player.vimeo.com\/video\/737502332?h=6cb339bc48&amp;dnt=1&amp;app_id=122963\" width=\"740\" height=\"416\" frameborder=\"0\" allow=\"autoplay; fullscreen; picture-in-picture\" allowfullscreen><\/iframe>\n<\/div><\/figure>\n\n\n\n<figure class=\"wp-block-embed is-type-video is-provider-vimeo wp-block-embed-vimeo wp-embed-aspect-16-9 wp-has-aspect-ratio\"><div class=\"wp-block-embed__wrapper\">\n<iframe loading=\"lazy\" title=\"Zasa3.mp4\" src=\"https:\/\/player.vimeo.com\/video\/737501660?h=31e173b67a&amp;dnt=1&amp;app_id=122963\" width=\"740\" height=\"416\" frameborder=\"0\" allow=\"autoplay; fullscreen; picture-in-picture\" allowfullscreen><\/iframe>\n<\/div><\/figure>\n\n\n\n<figure class=\"wp-block-embed is-type-video is-provider-vimeo wp-block-embed-vimeo wp-embed-aspect-16-9 wp-has-aspect-ratio\"><div class=\"wp-block-embed__wrapper\">\n<iframe loading=\"lazy\" title=\"Zasa4\" src=\"https:\/\/player.vimeo.com\/video\/738859063?h=a011d048a5&amp;dnt=1&amp;app_id=122963\" width=\"740\" height=\"416\" frameborder=\"0\" allow=\"autoplay; fullscreen; picture-in-picture\" allowfullscreen><\/iframe>\n<\/div><\/figure>\n\n\n\n<figure class=\"wp-block-embed is-type-video is-provider-vimeo wp-block-embed-vimeo wp-embed-aspect-16-9 wp-has-aspect-ratio\"><div class=\"wp-block-embed__wrapper\">\n<iframe loading=\"lazy\" title=\"Zasa5\" src=\"https:\/\/player.vimeo.com\/video\/737504057?h=a86a212735&amp;dnt=1&amp;app_id=122963\" width=\"740\" height=\"416\" frameborder=\"0\" allow=\"autoplay; fullscreen; picture-in-picture\" allowfullscreen><\/iframe>\n<\/div><\/figure>\n\n\n\n<figure class=\"wp-block-embed is-type-video is-provider-vimeo wp-block-embed-vimeo wp-embed-aspect-16-9 wp-has-aspect-ratio\"><div class=\"wp-block-embed__wrapper\">\n<iframe loading=\"lazy\" title=\"Zasa6.mp4\" src=\"https:\/\/player.vimeo.com\/video\/737503915?h=174a72ab3a&amp;dnt=1&amp;app_id=122963\" width=\"740\" height=\"416\" frameborder=\"0\" allow=\"autoplay; fullscreen; picture-in-picture\" allowfullscreen><\/iframe>\n<\/div><\/figure>\n","protected":false},"excerpt":{"rendered":"<p>BukletsDienas ritmsIevir\u017eu apraksts Av\u012bze1.Cukurgrauds 2.Cukurgrauds 3.Cukurgrauds 4.Cukurgrauds 5.Cukurgrauds 6.Cukurgrauds 7.Cukurgrauds Baltas domas, v\u0101rdi un darbi Zas\u0101 \u201cLabdien mani m\u012b\u013cie, labie, baltie,\u201d t\u0101 Zasas 3&#215;3 saieta atkl\u0101\u0161an\u0101 teica t\u0101 vad\u012bt\u0101ja Ilze&#8230;<\/p>\n","protected":false},"author":1,"featured_media":0,"comment_status":"closed","ping_status":"closed","sticky":false,"template":"","format":"standard","meta":{"__cvm_playback_settings":[],"__cvm_video_id":"","footnotes":""},"categories":[1],"tags":[],"class_list":["post-2311","post","type-post","status-publish","format-standard","hentry","category-uncategorized"],"_links":{"self":[{"href":"https:\/\/www.3x3.lv\/index.php?rest_route=\/wp\/v2\/posts\/2311","targetHints":{"allow":["GET"]}}],"collection":[{"href":"https:\/\/www.3x3.lv\/index.php?rest_route=\/wp\/v2\/posts"}],"about":[{"href":"https:\/\/www.3x3.lv\/index.php?rest_route=\/wp\/v2\/types\/post"}],"author":[{"embeddable":true,"href":"https:\/\/www.3x3.lv\/index.php?rest_route=\/wp\/v2\/users\/1"}],"replies":[{"embeddable":true,"href":"https:\/\/www.3x3.lv\/index.php?rest_route=%2Fwp%2Fv2%2Fcomments&post=2311"}],"version-history":[{"count":21,"href":"https:\/\/www.3x3.lv\/index.php?rest_route=\/wp\/v2\/posts\/2311\/revisions"}],"predecessor-version":[{"id":2552,"href":"https:\/\/www.3x3.lv\/index.php?rest_route=\/wp\/v2\/posts\/2311\/revisions\/2552"}],"wp:attachment":[{"href":"https:\/\/www.3x3.lv\/index.php?rest_route=%2Fwp%2Fv2%2Fmedia&parent=2311"}],"wp:term":[{"taxonomy":"category","embeddable":true,"href":"https:\/\/www.3x3.lv\/index.php?rest_route=%2Fwp%2Fv2%2Fcategories&post=2311"},{"taxonomy":"post_tag","embeddable":true,"href":"https:\/\/www.3x3.lv\/index.php?rest_route=%2Fwp%2Fv2%2Ftags&post=2311"}],"curies":[{"name":"wp","href":"https:\/\/api.w.org\/{rel}","templated":true}]}}